{"id":4929,"date":"2025-06-12T16:13:45","date_gmt":"2025-06-12T15:13:45","guid":{"rendered":"https:\/\/www.stampasi.it\/blog\/?p=4929"},"modified":"2025-10-20T14:15:18","modified_gmt":"2025-10-20T13:15:18","slug":"festa-della-repubblica-del-2-giugno","status":"publish","type":"post","link":"https:\/\/www.stampasi.it\/blog\/festa-della-repubblica-del-2-giugno\/","title":{"rendered":"La Festa della Repubblica del 2 giugno"},"content":{"rendered":"\n<p>Il 2 giugno \u00e8 la Festa della Repubblica Italiana, un giorno simbolico per gli italiani e per l\u2019unit\u00e0 della nazione. Si tratta, insieme alla Liberazione che si festeggia il 25 aprile, delle giornate pi\u00f9 importanti dell\u2019anno in cui si celebra la democrazia italiana.<\/p>\n\n\n\n<p class=\"has-text-align-center\">Per sapere quali sono i <strong>gadget Italia<\/strong> pi\u00f9 adatti all&#8217;occasione clicca <a href=\"https:\/\/www.stampasi.it\/gadget-italia\">qui<\/a>.<\/p>\n\n\n\n<h2 class=\"wp-block-heading\">Il referendum<\/h2>\n\n\n\n<p>La data ricorda il 2 giugno del 1946 quando si tenne il referendum con cui, dopo la fine della Seconda Guerra Mondiale, venne chiesto agli italiani di scegliere tra Monarchia e Repubblica e prevalse quest\u2019ultima con 12,7 milioni di voti contro 10,7. Nella stesso giorno si tennero anche le elezioni per selezionare i membri dell\u2019Assemblea Costituente e per la prima volta poterono votare anche le donne, che infatti si recarono in massa alle urne.<\/p>\n\n\n\n<figure class=\"wp-block-image size-full\"><img loading=\"lazy\" decoding=\"async\" width=\"860\" height=\"600\" src=\"https:\/\/www.stampasi.it\/blog\/wp-content\/uploads\/2022\/06\/quirinale.png\" alt=\"festa della Repubblica\" class=\"wp-image-4933\" srcset=\"https:\/\/www.stampasi.it\/blog\/wp-content\/uploads\/2022\/06\/quirinale.png 860w, https:\/\/www.stampasi.it\/blog\/wp-content\/uploads\/2022\/06\/quirinale-600x419.png 600w, https:\/\/www.stampasi.it\/blog\/wp-content\/uploads\/2022\/06\/quirinale-768x536.png 768w, https:\/\/www.stampasi.it\/blog\/wp-content\/uploads\/2022\/06\/quirinale-585x408.png 585w\" sizes=\"auto, (max-width: 860px) 100vw, 860px\" \/><figcaption class=\"wp-element-caption\">Il Quirinale illuminato<\/figcaption><\/figure>\n\n\n\n<h2 class=\"wp-block-heading\">La storia<\/h2>\n\n\n\n<p>La prima celebrazione avvenne gi\u00e0 l\u2019anno dopo, nel 1947, ma la giornata venne dichiarata festa nazionale nel 1949. Nel 1977 per via della crisi economica la festivit\u00e0 fu soppressa e spostata alla prima domenica di giugno, salvo poi essere reintrodotta nel 2001 per volere dell\u2019allora Presidente della Repubblica Carlo Azeglio Ciampi.<\/p>\n\n\n\n<h2 class=\"wp-block-heading\">Le celebrazioni<\/h2>\n\n\n\n<p>Tra i momenti pi\u00f9 importanti della celebrazione ci sono:<\/p>\n\n\n\n<ul class=\"wp-block-list\">\n<li>la deposizione di una corona d&#8217;alloro in omaggio al Milite Ignoto all&#8217;Altare della Patria da parte del Presidente della Repubblica Italiana<\/li>\n\n\n\n<li>il passaggio delle frecce tricolori sui cieli di Roma<\/li>\n\n\n\n<li>la parata militare lungo via dei Fori Imperiali<\/li>\n\n\n\n<li>l\u2019apertura al pubblico dei giardini del Palazzo del Quirinale<\/li>\n\n\n\n<li>i concerti da parte di una delle bande militari<\/li>\n\n\n\n<li>il cambio della Guardia al Quirinale con il Reggimento Corazzieri e la Fanfara del IV Reggimento Carabinieri a cavallo in alta uniforme<\/li>\n\n\n\n<li>l\u2019illuminazione tricolore della facciata esterna del Torrino del Cortile d\u2019Onore del Palazzo del Quirinale<\/li>\n<\/ul>\n\n\n\n<figure class=\"wp-block-image size-full\"><img loading=\"lazy\" decoding=\"async\" width=\"744\" height=\"500\" src=\"https:\/\/www.stampasi.it\/blog\/wp-content\/uploads\/2022\/06\/37658.jpg\" alt=\"Festa della Repubblica celebrazioni\" class=\"wp-image-4934\" srcset=\"https:\/\/www.stampasi.it\/blog\/wp-content\/uploads\/2022\/06\/37658.jpg 744w, https:\/\/www.stampasi.it\/blog\/wp-content\/uploads\/2022\/06\/37658-600x403.jpg 600w, https:\/\/www.stampasi.it\/blog\/wp-content\/uploads\/2022\/06\/37658-585x393.jpg 585w\" sizes=\"auto, (max-width: 744px) 100vw, 744px\" \/><figcaption class=\"wp-element-caption\">Le Frecce Tricolore<\/figcaption><\/figure>\n\n\n\n<h2 class=\"wp-block-heading\">Le bandiere<\/h2>\n\n\n\n<p>Tra le tradizioni del 2 giugno c\u2019\u00e8 la coccarda bianca, rossa e verde che adorna le giacche delle pi\u00f9 alte autorit\u00e0 dello Stato, oltre alle bandiere tricolori che tappezzano le vie di Roma interessate dalle celebrazioni. La <a href=\"https:\/\/www.stampasi.it\/bandiere-del-mondo\">bandiera Italiana<\/a> viene esposta anche nelle varie citt\u00e0 dove ci sono altre iniziative, solitamente organizzati dalle Prefetture ma anche dalle Regioni e dai Comuni. Nel giorno della Festa della Repubblica i tricolori sono presenti anche sui balconi delle case e all\u2019esterno degli esercizi commerciali.<\/p>\n\n\n\n<h2 class=\"wp-block-heading\" id=\"h-la-parata\">La parata<\/h2>\n\n\n\n<p>La parata non vuole rappresentare un\u2019occasione di sfoggio della potenza militare ma una celebrazione dello Stato. Oltre alla forze armate vi partecipano le forze di polizia, il Corpo nazionale dei Vigili del Fuoco, la Protezione Civile e la Croce Rossa Italiana. <\/p>\n\n\n\n<p>Inoltre ogni anno <strong>c&#8217;\u00e8 un tema diverso<\/strong>. Tra quelli degli ultimi anni possiamo ricordare: il terremoto dell\u2019Emilia, la presidenza italiana del Consiglio Europeo, l\u2019inclusione sociale e, nel <strong>2022, la difesa della pace<\/strong>. Sempre nel 2022 \u00e8 stato deciso di riservare l\u2019apertura della manifestazione ad una rappresentanza di sindaci con la fascia tricolore e da un elicottero del servizio 118 accompagnato da personale sanitario a simboleggiare le persone che in questi anni sono state impegnate in prima linea contro la pandemia del Covid19. <\/p>\n\n\n\n<p>Nel 2023, quando la pandemia era oramai alle spalle, la scelta \u00e8 ricaduta sulla frase: &#8220;<em>Italiani: un patrimonio di valori per la Repubblica<\/em>&#8220;, che metteva in evidenza il sistema di valori storici ed educativi che costituisce il patrimonio culturale degli italiani. <\/p>\n\n\n\n<p>Mentre la Festa della Repubblica del 2025 ha avuto come tema: \u201c<em>A difesa della Repubblica, al servizio del Paese<\/em>\u201d. La prima parte richiama i valori fondanti del nostro Paese e riprende le celebrazione del 2024 (il cui tema era appunto &#8220;<em>A servizio del Paese<\/em>&#8220;). La seconda testimonia l&#8217;impegno delle Forze Armate nel contribuire al benessere e alla sicurezza del territorio nazionale. <\/p>\n\n\n\n<h2 class=\"wp-block-heading\">L\u2019Italia unita<\/h2>\n\n\n\n<p>Per il paese la Festa della Repubblica del 2 giugno \u00e8 uno dei pochi momenti dell\u2019anno in cui unirsi intorno alla bandiera come forse avviene solo in occasione dei momenti difficili o, in positivo, quando ci sono competizioni sportive come le Olimpiadi o i Mondiali di Calcio. <\/p>\n\n\n\n<p>Un giorno in cui, anche approfittando della festivit\u00e0, si possono celebrare con gioia le forze positive del paese e riaffermare e diffondere i valori di <strong>libert\u00e0, dignit\u00e0, uguaglianza, pace, giustizia e solidariet\u00e0<\/strong> su cui \u00e8 fondata la Costituzione.<\/p>\n","protected":false},"excerpt":{"rendered":"<p>Il 2 giugno \u00e8 la Festa della Repubblica Italiana. Insieme alla Liberazione che si festeggia il 25 aprile, \u00e8 una delle giornate pi\u00f9 importanti per la nazione<\/p>\n","protected":false},"author":14,"featured_media":4932,"comment_status":"closed","ping_status":"closed","sticky":false,"template":"","format":"standard","meta":{"_kad_post_transparent":"","_kad_post_title":"","_kad_post_layout":"","_kad_post_sidebar_id":"","_kad_post_content_style":"","_kad_post_vertical_padding":"","_kad_post_feature":"","_kad_post_feature_position":"","_kad_post_header":false,"_kad_post_footer":false,"_kad_post_classname":"","footnotes":""},"categories":[10],"tags":[122,124,123,125],"class_list":["post-4929","post","type-post","status-publish","format-standard","has-post-thumbnail","hentry","category-cat-curiosita","tag-2-giugno","tag-bandiere","tag-festa-della-repubblica","tag-italia"],"_links":{"self":[{"href":"https:\/\/www.stampasi.it\/blog\/wp-json\/wp\/v2\/posts\/4929","targetHints":{"allow":["GET"]}}],"collection":[{"href":"https:\/\/www.stampasi.it\/blog\/wp-json\/wp\/v2\/posts"}],"about":[{"href":"https:\/\/www.stampasi.it\/blog\/wp-json\/wp\/v2\/types\/post"}],"author":[{"embeddable":true,"href":"https:\/\/www.stampasi.it\/blog\/wp-json\/wp\/v2\/users\/14"}],"replies":[{"embeddable":true,"href":"https:\/\/www.stampasi.it\/blog\/wp-json\/wp\/v2\/comments?post=4929"}],"version-history":[{"count":9,"href":"https:\/\/www.stampasi.it\/blog\/wp-json\/wp\/v2\/posts\/4929\/revisions"}],"predecessor-version":[{"id":13460,"href":"https:\/\/www.stampasi.it\/blog\/wp-json\/wp\/v2\/posts\/4929\/revisions\/13460"}],"wp:featuredmedia":[{"embeddable":true,"href":"https:\/\/www.stampasi.it\/blog\/wp-json\/wp\/v2\/media\/4932"}],"wp:attachment":[{"href":"https:\/\/www.stampasi.it\/blog\/wp-json\/wp\/v2\/media?parent=4929"}],"wp:term":[{"taxonomy":"category","embeddable":true,"href":"https:\/\/www.stampasi.it\/blog\/wp-json\/wp\/v2\/categories?post=4929"},{"taxonomy":"post_tag","embeddable":true,"href":"https:\/\/www.stampasi.it\/blog\/wp-json\/wp\/v2\/tags?post=4929"}],"curies":[{"name":"wp","href":"https:\/\/api.w.org\/{rel}","templated":true}]}}