{"id":5304,"date":"2022-11-25T11:39:33","date_gmt":"2022-11-25T10:39:33","guid":{"rendered":"https:\/\/www.stampasi.it\/blog\/?p=5304"},"modified":"2022-11-25T11:39:36","modified_gmt":"2022-11-25T10:39:36","slug":"la-giornata-mondiale-della-pace","status":"publish","type":"post","link":"https:\/\/www.stampasi.it\/blog\/la-giornata-mondiale-della-pace\/","title":{"rendered":"La Giornata Mondiale della Pace"},"content":{"rendered":"\n<p>Il 1\u00b0 gennaio la Chiesa cattolica celebra la Giornata mondiale della pace. \u00c8 una giornata dedicata alla pace e alla preghiera per ottenerla nel mondo. Ma da dove nasce questa festa? E come \u00e8 coinvolta la Chiesa cattolica? Diamo un&#8217;occhiata pi\u00f9 da vicino.<\/p>\n\n\n\n<p>Questo giorno<strong> commemora la firma del Trattato di Westfalia nel 1648,<\/strong> che pose fine alla Guerra dei Trent&#8217;anni. Papa Paolo VI ha istituito la Giornata mondiale della pace nel 1967 come modo per promuovere la pace e la giustizia nel mondo. La giornata \u00e8 dedicata alla pace e alla comprensione globale, con particolare attenzione ai modi per promuovere la pace nel mondo. Papa Giovanni Paolo II ha designato l&#8217;incontro interreligioso di Assisi come evento principale per l&#8217;osservazione della Giornata Mondiale della Pace. Nel 2002, Papa Giovanni Paolo II ha detto che &#8220;<em>la pace \u00e8 il cuore del Vangelo<\/em>&#8221; \u00c8 un tema ripreso dai papi successivi. Ogni anno vengono organizzati molti eventi in tutto il mondo per commemorare la Giornata mondiale della pace, tra cui servizi di preghiera, concerti e programmi educativi.<\/p>\n\n\n\n<h2 class=\"wp-block-heading\" id=\"h-il-suo-significato\">Il suo significato <\/h2>\n\n\n\n<p><strong>La prima Giornata mondiale della pace \u00e8 stata celebrata il 1\u00b0 gennaio 1968<\/strong>. Da allora, ogni anno il Papa ha tenuto un discorso dedicato al tema della pace. Attraverso questi discorsi, la Chiesa cattolica ha cercato di promuovere una cultura di pace basata sul rispetto della vita e della dignit\u00e0 umana. Il messaggio del Papa per la Giornata mondiale della pace \u00e8 tipicamente incentrato su una questione specifica legata alla pace. <\/p>\n\n\n\n<p>Nei suoi discorsi sulla Giornata mondiale della pace, Papa Francesco ha spesso sottolineato la necessit\u00e0 del dialogo e del rispetto della dignit\u00e0 umana. Ha anche invitato tutte le persone a lavorare insieme per costruire un mondo pi\u00f9 giusto e pacifico. Unendoci in questa giornata e impegnandoci per questi ideali, possiamo contribuire a creare un mondo pi\u00f9 pacifico per tutti come il commercio di armi o il traffico di esseri umani. Pi\u00f9 recentemente, il Papa ha anche usato i suoi discorsi per affrontare le cause profonde dei conflitti, come la povert\u00e0 e la disuguaglianza.<\/p>\n\n\n\n<h2 class=\"wp-block-heading\" id=\"h-i-temi-della-giornata-mondiale-della-pace\">I temi della Giornata Mondiale della Pace<\/h2>\n\n\n\n<p>Negli ultimi cinque anni la Chiesa ha scelto <strong><a href=\"https:\/\/it.wikipedia.org\/wiki\/Giornata_mondiale_della_pace\" target=\"_blank\" rel=\"noopener\">questi temi<\/a> per la Giornata Mondiale della Pace<\/strong>:<\/p>\n\n\n\n<ul class=\"wp-block-list\"><li>2018 \u2013 Migranti e rifugiati: uomini e donne in cerca di pace<\/li><li>2019 \u2013 La buona politica \u00e8 al servizio della pace<\/li><li>2020 \u2013 La Pace come cammino di speranza: dialogo, riconciliazione e conversione ecologica<\/li><li>2021 \u2013 La cultura della cura come percorso di pace<\/li><li>2022 \u2013 Dialogo tra generazioni, educazione e lavoro: strumenti per edificare una pace duratura<\/li><\/ul>\n\n\n\n<p>Papa Giovanni Paolo II ha detto che la Giornata Mondiale della Pace \u00e8 &#8220;<em>un&#8217;occasione per una profonda riflessione su come costruire un nuovo ordine mondiale fondato sulla giustizia e sulla pace<\/em>&#8220;. Nei suoi messaggi, Papa Francesco ha sempre invitato ad agire concretamente per creare una cultura di pace. Ha esortato tutte le persone a &#8220;<em>chiedere che le nostre istituzioni e coloro che le guidano promuovano un autentico sviluppo umano ispirato da valori etici<\/em>&#8220;, affermando che &#8220;<em>la pace non \u00e8 semplicemente l&#8217;assenza di guerra, ma \u00e8 anche l&#8217;opera della giustizia<\/em>&#8220;. <\/p>\n\n\n<div class=\"wp-block-image\">\n<figure class=\"aligncenter size-large is-resized\"><img loading=\"lazy\" decoding=\"async\" src=\"https:\/\/www.stampasi.it\/blog\/wp-content\/uploads\/2022\/11\/giornata-pace-2-1024x683.jpg\" alt=\"giornata mondiale della pace\" class=\"wp-image-5330\" width=\"488\" height=\"325\" srcset=\"https:\/\/www.stampasi.it\/blog\/wp-content\/uploads\/2022\/11\/giornata-pace-2-1024x683.jpg 1024w, https:\/\/www.stampasi.it\/blog\/wp-content\/uploads\/2022\/11\/giornata-pace-2-600x400.jpg 600w, https:\/\/www.stampasi.it\/blog\/wp-content\/uploads\/2022\/11\/giornata-pace-2-768x512.jpg 768w, https:\/\/www.stampasi.it\/blog\/wp-content\/uploads\/2022\/11\/giornata-pace-2-1536x1024.jpg 1536w, https:\/\/www.stampasi.it\/blog\/wp-content\/uploads\/2022\/11\/giornata-pace-2-2048x1365.jpg 2048w, https:\/\/www.stampasi.it\/blog\/wp-content\/uploads\/2022\/11\/giornata-pace-2-1920x1280.jpg 1920w, https:\/\/www.stampasi.it\/blog\/wp-content\/uploads\/2022\/11\/giornata-pace-2-1170x780.jpg 1170w, https:\/\/www.stampasi.it\/blog\/wp-content\/uploads\/2022\/11\/giornata-pace-2-585x390.jpg 585w, https:\/\/www.stampasi.it\/blog\/wp-content\/uploads\/2022\/11\/giornata-pace-2-263x175.jpg 263w\" sizes=\"auto, (max-width: 488px) 100vw, 488px\" \/><\/figure>\n<\/div>\n\n\n<h2 class=\"wp-block-heading\" id=\"h-il-messaggio-della-giornata-mondiale-della-pace\">Il messaggio della Giornata Mondiale della Pace<\/h2>\n\n\n\n<p>Il <strong>messaggio pi\u00f9 importante di questa giornata \u00e8 che la pace \u00e8 possibile.<\/strong> \u00c8 qualcosa per cui dobbiamo lavorare ogni giorno con mente e cuore aperti. Possiamo iniziare parlando di pace con chi ci circonda ed essere una forza per il bene nel mondo. In pi\u00f9 ci sono <a href=\"https:\/\/www.stampasi.it\/calamite-personalizzate\">calamite personalizzate<\/a> collegate alla giornata mondiale della pace con messaggi positivi di speranza e unit\u00e0. Queste calamite personalizzate possono essere esposte sul frigorifero o su qualsiasi altra superficie metallica e sono un ottimo modo per iniziare il nuovo anno diffondendo un messaggio di pace. <\/p>\n\n\n\n<p>Nella Giornata mondiale della pace, dunque, impegniamoci a lavorare con ogni mezzo per la pace nelle nostre case, nelle nostre comunit\u00e0 e nel mondo. La stessa offre ai cattolici e a tutte le persone di buona volont\u00e0 l&#8217;opportunit\u00e0 di riflettere sull&#8217;importanza della pace nel nostro mondo. Dobbiamo lavorare insieme per creare una societ\u00e0 in cui tutti possano vivere in pace e armonia. Lavoriamo insieme per rendere la pace una realt\u00e0.<\/p>\n","protected":false},"excerpt":{"rendered":"<p>Il 1\u00b0 gennaio la Chiesa cattolica celebra la Giornata mondiale della pace. \u00c8 una giornata dedicata alla pace e alla preghiera per ottenerla nel mondo. Ma da dove nasce questa festa? E come \u00e8 coinvolta la Chiesa cattolica? Diamo un&#8217;occhiata pi\u00f9 da vicino. Questo giorno commemora la firma del Trattato di Westfalia nel 1648, che&#8230;<\/p>\n","protected":false},"author":16,"featured_media":5329,"comment_status":"closed","ping_status":"closed","sticky":false,"template":"","format":"standard","meta":{"_kad_post_transparent":"","_kad_post_title":"","_kad_post_layout":"","_kad_post_sidebar_id":"","_kad_post_content_style":"","_kad_post_vertical_padding":"","_kad_post_feature":"","_kad_post_feature_position":"","_kad_post_header":false,"_kad_post_footer":false,"_kad_post_classname":"","footnotes":""},"categories":[5],"tags":[],"class_list":["post-5304","post","type-post","status-publish","format-standard","has-post-thumbnail","hentry","category-cat-green"],"_links":{"self":[{"href":"https:\/\/www.stampasi.it\/blog\/wp-json\/wp\/v2\/posts\/5304","targetHints":{"allow":["GET"]}}],"collection":[{"href":"https:\/\/www.stampasi.it\/blog\/wp-json\/wp\/v2\/posts"}],"about":[{"href":"https:\/\/www.stampasi.it\/blog\/wp-json\/wp\/v2\/types\/post"}],"author":[{"embeddable":true,"href":"https:\/\/www.stampasi.it\/blog\/wp-json\/wp\/v2\/users\/16"}],"replies":[{"embeddable":true,"href":"https:\/\/www.stampasi.it\/blog\/wp-json\/wp\/v2\/comments?post=5304"}],"version-history":[{"count":15,"href":"https:\/\/www.stampasi.it\/blog\/wp-json\/wp\/v2\/posts\/5304\/revisions"}],"predecessor-version":[{"id":6830,"href":"https:\/\/www.stampasi.it\/blog\/wp-json\/wp\/v2\/posts\/5304\/revisions\/6830"}],"wp:featuredmedia":[{"embeddable":true,"href":"https:\/\/www.stampasi.it\/blog\/wp-json\/wp\/v2\/media\/5329"}],"wp:attachment":[{"href":"https:\/\/www.stampasi.it\/blog\/wp-json\/wp\/v2\/media?parent=5304"}],"wp:term":[{"taxonomy":"category","embeddable":true,"href":"https:\/\/www.stampasi.it\/blog\/wp-json\/wp\/v2\/categories?post=5304"},{"taxonomy":"post_tag","embeddable":true,"href":"https:\/\/www.stampasi.it\/blog\/wp-json\/wp\/v2\/tags?post=5304"}],"curies":[{"name":"wp","href":"https:\/\/api.w.org\/{rel}","templated":true}]}}